{"id":5757,"date":"2025-06-18T17:23:52","date_gmt":"2025-06-18T20:23:52","guid":{"rendered":"https:\/\/cfpc-am.com.br\/?p=5757"},"modified":"2025-07-25T17:38:18","modified_gmt":"2025-07-25T20:38:18","slug":"radio-verde-oliva-fm-manaus-2","status":"publish","type":"post","link":"https:\/\/cfpc-am.com.br\/index.php\/2025\/06\/18\/radio-verde-oliva-fm-manaus-2\/","title":{"rendered":"R\u00e1dio Verde Oliva FM Manaus"},"content":{"rendered":"\n<p><strong>Visita T\u00e9cnica<\/strong><\/p>\n\n\n\n<div class=\"wp-block-buttons is-layout-flex wp-block-buttons-is-layout-flex\">\n<div class=\"wp-block-button\"><a class=\"wp-block-button__link wp-element-button\" href=\"https:\/\/cfpc-am.com.br\/index.php\/visita-tecnica-a-radio-verde-oliva-fm-manaus\/\"><strong>Confir<\/strong>a <strong>Fotos<\/strong><\/a><\/div>\n<\/div>\n\n\n\n<figure class=\"wp-block-table\"><table><tbody><tr><td><strong>Manaus-AM:<\/strong> Alunos do curso T\u00e9cnico em R\u00e1dio e Televis\u00e3o do Centro de Forma\u00e7\u00e3o Profissional de Comunica\u00e7\u00e3o &#8211; CFPC visitaram os est\u00fadios da R\u00e1dio Verde Oliva FM Manaus\u2026<\/td><\/tr><\/tbody><\/table><\/figure>\n\n\n\n<figure class=\"wp-block-image size-full\"><img loading=\"lazy\" decoding=\"async\" width=\"1280\" height=\"960\" src=\"https:\/\/cfpc-am.com.br\/wp-content\/uploads\/2025\/06\/IMG-20250617-WA0015.jpg\" alt=\"\" class=\"wp-image-5809\" srcset=\"https:\/\/cfpc-am.com.br\/wp-content\/uploads\/2025\/06\/IMG-20250617-WA0015.jpg 1280w, https:\/\/cfpc-am.com.br\/wp-content\/uploads\/2025\/06\/IMG-20250617-WA0015-300x225.jpg 300w, https:\/\/cfpc-am.com.br\/wp-content\/uploads\/2025\/06\/IMG-20250617-WA0015-1024x768.jpg 1024w, https:\/\/cfpc-am.com.br\/wp-content\/uploads\/2025\/06\/IMG-20250617-WA0015-768x576.jpg 768w\" sizes=\"auto, (max-width: 1280px) 100vw, 1280px\" \/><\/figure>\n\n\n\n<!--more-->\n\n\n\n<p><\/p>\n","protected":false},"excerpt":{"rendered":"<p>Visita T\u00e9cnica Manaus-AM: Alunos do curso T\u00e9cnico em R\u00e1dio e Televis\u00e3o do Centro de Forma\u00e7\u00e3o Profissional de Comunica\u00e7\u00e3o &#8211; CFPC visitaram os est\u00fadios da R\u00e1dio Verde Oliva FM Manaus\u2026<\/p>\n","protected":false},"author":1,"featured_media":0,"comment_status":"open","ping_status":"open","sticky":false,"template":"","format":"standard","meta":{"footnotes":""},"categories":[1],"tags":[],"class_list":["post-5757","post","type-post","status-publish","format-standard","hentry","category-blog"],"_links":{"self":[{"href":"https:\/\/cfpc-am.com.br\/index.php\/wp-json\/wp\/v2\/posts\/5757","targetHints":{"allow":["GET"]}}],"collection":[{"href":"https:\/\/cfpc-am.com.br\/index.php\/wp-json\/wp\/v2\/posts"}],"about":[{"href":"https:\/\/cfpc-am.com.br\/index.php\/wp-json\/wp\/v2\/types\/post"}],"author":[{"embeddable":true,"href":"https:\/\/cfpc-am.com.br\/index.php\/wp-json\/wp\/v2\/users\/1"}],"replies":[{"embeddable":true,"href":"https:\/\/cfpc-am.com.br\/index.php\/wp-json\/wp\/v2\/comments?post=5757"}],"version-history":[{"count":4,"href":"https:\/\/cfpc-am.com.br\/index.php\/wp-json\/wp\/v2\/posts\/5757\/revisions"}],"predecessor-version":[{"id":5829,"href":"https:\/\/cfpc-am.com.br\/index.php\/wp-json\/wp\/v2\/posts\/5757\/revisions\/5829"}],"wp:attachment":[{"href":"https:\/\/cfpc-am.com.br\/index.php\/wp-json\/wp\/v2\/media?parent=5757"}],"wp:term":[{"taxonomy":"category","embeddable":true,"href":"https:\/\/cfpc-am.com.br\/index.php\/wp-json\/wp\/v2\/categories?post=5757"},{"taxonomy":"post_tag","embeddable":true,"href":"https:\/\/cfpc-am.com.br\/index.php\/wp-json\/wp\/v2\/tags?post=5757"}],"curies":[{"name":"wp","href":"https:\/\/api.w.org\/{rel}","templated":true}]}}