{"id":5433,"date":"2025-06-02T12:57:09","date_gmt":"2025-06-02T15:57:09","guid":{"rendered":"https:\/\/cfpc-am.com.br\/?p=5433"},"modified":"2025-06-08T13:13:15","modified_gmt":"2025-06-08T16:13:15","slug":"onda-digital-tv-radio-e-portal","status":"publish","type":"post","link":"https:\/\/cfpc-am.com.br\/index.php\/2025\/06\/02\/onda-digital-tv-radio-e-portal\/","title":{"rendered":"Onda Digital &#8211; TV, R\u00e1dio e Portal"},"content":{"rendered":"\n<p><strong>Visita T\u00e9cnica<\/strong><\/p>\n\n\n\n<div class=\"wp-block-buttons is-layout-flex wp-block-buttons-is-layout-flex\">\n<div class=\"wp-block-button\"><a class=\"wp-block-button__link wp-element-button\" href=\"https:\/\/cfpc-am.com.br\/index.php\/visita-tecnica-a-onda-digital-tv-radio-e-portal\/\"><strong>Confir<\/strong>a <strong>Fotos<\/strong><\/a><\/div>\n<\/div>\n\n\n\n<figure class=\"wp-block-table\"><table><tbody><tr><td><strong>Manaus-AM:<\/strong> Alunos do curso T\u00e9cnico em R\u00e1dio e Televis\u00e3o do Centro de Forma\u00e7\u00e3o Profissional de Comunica\u00e7\u00e3o &#8211; CFPC visitaram os est\u00fadios da Onda Digital &#8211; TV, R\u00e1dio e Portal\u2026<\/td><\/tr><\/tbody><\/table><\/figure>\n\n\n\n<figure class=\"wp-block-image size-large\"><img loading=\"lazy\" decoding=\"async\" width=\"1024\" height=\"814\" src=\"https:\/\/cfpc-am.com.br\/wp-content\/uploads\/2025\/06\/Onda-Digital-2-1024x814.png\" alt=\"\" class=\"wp-image-5424\" srcset=\"https:\/\/cfpc-am.com.br\/wp-content\/uploads\/2025\/06\/Onda-Digital-2-1024x814.png 1024w, https:\/\/cfpc-am.com.br\/wp-content\/uploads\/2025\/06\/Onda-Digital-2-300x239.png 300w, https:\/\/cfpc-am.com.br\/wp-content\/uploads\/2025\/06\/Onda-Digital-2-768x611.png 768w, https:\/\/cfpc-am.com.br\/wp-content\/uploads\/2025\/06\/Onda-Digital-2.png 1080w\" sizes=\"auto, (max-width: 1024px) 100vw, 1024px\" \/><\/figure>\n\n\n\n<!--more-->\n\n\n\n<p><\/p>\n","protected":false},"excerpt":{"rendered":"<p>Visita T\u00e9cnica Manaus-AM: Alunos do curso T\u00e9cnico em R\u00e1dio e Televis\u00e3o do Centro de Forma\u00e7\u00e3o Profissional de Comunica\u00e7\u00e3o &#8211; CFPC visitaram os est\u00fadios da Onda Digital &#8211; TV, R\u00e1dio e Portal\u2026<\/p>\n","protected":false},"author":1,"featured_media":0,"comment_status":"open","ping_status":"open","sticky":false,"template":"","format":"standard","meta":{"footnotes":""},"categories":[1],"tags":[],"class_list":["post-5433","post","type-post","status-publish","format-standard","hentry","category-blog"],"_links":{"self":[{"href":"https:\/\/cfpc-am.com.br\/index.php\/wp-json\/wp\/v2\/posts\/5433","targetHints":{"allow":["GET"]}}],"collection":[{"href":"https:\/\/cfpc-am.com.br\/index.php\/wp-json\/wp\/v2\/posts"}],"about":[{"href":"https:\/\/cfpc-am.com.br\/index.php\/wp-json\/wp\/v2\/types\/post"}],"author":[{"embeddable":true,"href":"https:\/\/cfpc-am.com.br\/index.php\/wp-json\/wp\/v2\/users\/1"}],"replies":[{"embeddable":true,"href":"https:\/\/cfpc-am.com.br\/index.php\/wp-json\/wp\/v2\/comments?post=5433"}],"version-history":[{"count":4,"href":"https:\/\/cfpc-am.com.br\/index.php\/wp-json\/wp\/v2\/posts\/5433\/revisions"}],"predecessor-version":[{"id":5437,"href":"https:\/\/cfpc-am.com.br\/index.php\/wp-json\/wp\/v2\/posts\/5433\/revisions\/5437"}],"wp:attachment":[{"href":"https:\/\/cfpc-am.com.br\/index.php\/wp-json\/wp\/v2\/media?parent=5433"}],"wp:term":[{"taxonomy":"category","embeddable":true,"href":"https:\/\/cfpc-am.com.br\/index.php\/wp-json\/wp\/v2\/categories?post=5433"},{"taxonomy":"post_tag","embeddable":true,"href":"https:\/\/cfpc-am.com.br\/index.php\/wp-json\/wp\/v2\/tags?post=5433"}],"curies":[{"name":"wp","href":"https:\/\/api.w.org\/{rel}","templated":true}]}}