{"id":5103,"date":"2025-04-12T23:24:55","date_gmt":"2025-04-13T02:24:55","guid":{"rendered":"https:\/\/cfpc-am.com.br\/?p=5103"},"modified":"2025-04-20T15:51:13","modified_gmt":"2025-04-20T18:51:13","slug":"tv-record-manaus","status":"publish","type":"post","link":"https:\/\/cfpc-am.com.br\/index.php\/2025\/04\/12\/tv-record-manaus\/","title":{"rendered":"TV Record Manaus"},"content":{"rendered":"\n<p><strong>Visita T\u00e9cnica<\/strong><\/p>\n\n\n\n<div class=\"wp-block-buttons is-layout-flex wp-block-buttons-is-layout-flex\">\n<div class=\"wp-block-button\"><a class=\"wp-block-button__link wp-element-button\" href=\"https:\/\/cfpc-am.com.br\/index.php\/visita-tecnica-a-tv-record-manaus\/\"><strong>Confir<\/strong>a <strong>Fotos<\/strong><\/a><\/div>\n<\/div>\n\n\n\n<figure class=\"wp-block-table\"><table><tbody><tr><td><strong>Manaus-AM:<\/strong> Alunos do curso T\u00e9cnico em R\u00e1dio e Televis\u00e3o do Centro de Forma\u00e7\u00e3o Profissional de Comunica\u00e7\u00e3o &#8211; CFPC visitaram os est\u00fadios da TV Record Manaus\u2026<\/td><\/tr><\/tbody><\/table><\/figure>\n\n\n\n<figure class=\"wp-block-image size-large\"><a href=\"https:\/\/cfpc-am.com.br\/index.php\/visita-tecnica-a-tv-record-manaus\/\"><img loading=\"lazy\" decoding=\"async\" width=\"1024\" height=\"768\" src=\"https:\/\/cfpc-am.com.br\/wp-content\/uploads\/2025\/04\/IMG-20250412-WA0098-1024x768.jpg\" alt=\"\" class=\"wp-image-5111\" srcset=\"https:\/\/cfpc-am.com.br\/wp-content\/uploads\/2025\/04\/IMG-20250412-WA0098-1024x768.jpg 1024w, https:\/\/cfpc-am.com.br\/wp-content\/uploads\/2025\/04\/IMG-20250412-WA0098-300x225.jpg 300w, https:\/\/cfpc-am.com.br\/wp-content\/uploads\/2025\/04\/IMG-20250412-WA0098-768x576.jpg 768w, https:\/\/cfpc-am.com.br\/wp-content\/uploads\/2025\/04\/IMG-20250412-WA0098-1536x1152.jpg 1536w, https:\/\/cfpc-am.com.br\/wp-content\/uploads\/2025\/04\/IMG-20250412-WA0098-2048x1536.jpg 2048w\" sizes=\"auto, (max-width: 1024px) 100vw, 1024px\" \/><\/a><\/figure>\n\n\n\n<!--more-->\n\n\n\n<p><\/p>\n","protected":false},"excerpt":{"rendered":"<p>Visita T\u00e9cnica Manaus-AM: Alunos do curso T\u00e9cnico em R\u00e1dio e Televis\u00e3o do Centro de Forma\u00e7\u00e3o Profissional de Comunica\u00e7\u00e3o &#8211; CFPC visitaram os est\u00fadios da TV Record Manaus\u2026<\/p>\n","protected":false},"author":4,"featured_media":0,"comment_status":"open","ping_status":"open","sticky":false,"template":"","format":"standard","meta":{"footnotes":""},"categories":[1],"tags":[],"class_list":["post-5103","post","type-post","status-publish","format-standard","hentry","category-blog"],"_links":{"self":[{"href":"https:\/\/cfpc-am.com.br\/index.php\/wp-json\/wp\/v2\/posts\/5103","targetHints":{"allow":["GET"]}}],"collection":[{"href":"https:\/\/cfpc-am.com.br\/index.php\/wp-json\/wp\/v2\/posts"}],"about":[{"href":"https:\/\/cfpc-am.com.br\/index.php\/wp-json\/wp\/v2\/types\/post"}],"author":[{"embeddable":true,"href":"https:\/\/cfpc-am.com.br\/index.php\/wp-json\/wp\/v2\/users\/4"}],"replies":[{"embeddable":true,"href":"https:\/\/cfpc-am.com.br\/index.php\/wp-json\/wp\/v2\/comments?post=5103"}],"version-history":[{"count":15,"href":"https:\/\/cfpc-am.com.br\/index.php\/wp-json\/wp\/v2\/posts\/5103\/revisions"}],"predecessor-version":[{"id":5244,"href":"https:\/\/cfpc-am.com.br\/index.php\/wp-json\/wp\/v2\/posts\/5103\/revisions\/5244"}],"wp:attachment":[{"href":"https:\/\/cfpc-am.com.br\/index.php\/wp-json\/wp\/v2\/media?parent=5103"}],"wp:term":[{"taxonomy":"category","embeddable":true,"href":"https:\/\/cfpc-am.com.br\/index.php\/wp-json\/wp\/v2\/categories?post=5103"},{"taxonomy":"post_tag","embeddable":true,"href":"https:\/\/cfpc-am.com.br\/index.php\/wp-json\/wp\/v2\/tags?post=5103"}],"curies":[{"name":"wp","href":"https:\/\/api.w.org\/{rel}","templated":true}]}}