{"id":3943,"date":"2024-09-04T09:55:08","date_gmt":"2024-09-04T12:55:08","guid":{"rendered":"https:\/\/cfpc-am.com.br\/?p=3943"},"modified":"2025-03-20T11:12:16","modified_gmt":"2025-03-20T14:12:16","slug":"artes-cenicas","status":"publish","type":"post","link":"https:\/\/cfpc-am.com.br\/index.php\/2024\/09\/04\/artes-cenicas\/","title":{"rendered":"Artes C\u00eanicas"},"content":{"rendered":"\n<p><strong>Curso Curta Dura\u00e7\u00e3o<\/strong><\/p>\n\n\n\n<div class=\"wp-block-buttons is-layout-flex wp-block-buttons-is-layout-flex\">\n<div class=\"wp-block-button\"><a class=\"wp-block-button__link wp-element-button\"><strong>Inscri\u00e7\u00f5es Abertas<\/strong><\/a><\/div>\n<\/div>\n\n\n\n<figure class=\"wp-block-table\"><table><tbody><tr><td><strong>Aulas din\u00e2micas:<\/strong> Da teoria \u00e0 pr\u00e1tica! Venha estudar conosco! Professores com forma\u00e7\u00e3o e experi\u00eancia profissional&#8230;<\/td><\/tr><\/tbody><\/table><\/figure>\n\n\n\n<ul class=\"wp-block-list\">\n<li><strong>Carga-Hor\u00e1ria:<\/strong> 40 horas.<\/li>\n\n\n\n<li><strong>Dura\u00e7\u00e3o:<\/strong> 10 dias.<\/li>\n\n\n\n<li><strong>Turmas:<\/strong>&nbsp;Segunda \u00e0 sexta ou aos s\u00e1bados.<\/li>\n\n\n\n<li><strong>Hor\u00e1rios:<\/strong>&nbsp;Manh\u00e3, tarde ou noite.<\/li>\n\n\n\n<li><strong>Valor:<\/strong>\u00a0R$ 350,00.<\/li>\n<\/ul>\n\n\n\n<div class=\"wp-block-buttons is-layout-flex wp-block-buttons-is-layout-flex\">\n<div class=\"wp-block-button\"><a class=\"wp-block-button__link wp-element-button\"><strong>PIX OU CART\u00c3O<\/strong><\/a><\/div>\n<\/div>\n\n\n\n<figure class=\"wp-block-image size-full\"><img loading=\"lazy\" decoding=\"async\" width=\"1207\" height=\"464\" src=\"https:\/\/cfpc-am.com.br\/wp-content\/uploads\/2024\/09\/ARTES-CENICAS-CAPA.png\" alt=\"\" class=\"wp-image-4206\" srcset=\"https:\/\/cfpc-am.com.br\/wp-content\/uploads\/2024\/09\/ARTES-CENICAS-CAPA.png 1207w, https:\/\/cfpc-am.com.br\/wp-content\/uploads\/2024\/09\/ARTES-CENICAS-CAPA-300x115.png 300w, https:\/\/cfpc-am.com.br\/wp-content\/uploads\/2024\/09\/ARTES-CENICAS-CAPA-1024x394.png 1024w, https:\/\/cfpc-am.com.br\/wp-content\/uploads\/2024\/09\/ARTES-CENICAS-CAPA-768x295.png 768w\" sizes=\"auto, (max-width: 1207px) 100vw, 1207px\" \/><\/figure>\n\n\n\n<!--more-->\n\n\n\n<p><\/p>\n","protected":false},"excerpt":{"rendered":"<p>Curso Curta Dura\u00e7\u00e3o Aulas din\u00e2micas: Da teoria \u00e0 pr\u00e1tica! Venha estudar conosco! Professores com forma\u00e7\u00e3o e experi\u00eancia profissional&#8230;<\/p>\n","protected":false},"author":3,"featured_media":0,"comment_status":"open","ping_status":"open","sticky":false,"template":"","format":"standard","meta":{"footnotes":""},"categories":[1],"tags":[],"class_list":["post-3943","post","type-post","status-publish","format-standard","hentry","category-blog"],"_links":{"self":[{"href":"https:\/\/cfpc-am.com.br\/index.php\/wp-json\/wp\/v2\/posts\/3943","targetHints":{"allow":["GET"]}}],"collection":[{"href":"https:\/\/cfpc-am.com.br\/index.php\/wp-json\/wp\/v2\/posts"}],"about":[{"href":"https:\/\/cfpc-am.com.br\/index.php\/wp-json\/wp\/v2\/types\/post"}],"author":[{"embeddable":true,"href":"https:\/\/cfpc-am.com.br\/index.php\/wp-json\/wp\/v2\/users\/3"}],"replies":[{"embeddable":true,"href":"https:\/\/cfpc-am.com.br\/index.php\/wp-json\/wp\/v2\/comments?post=3943"}],"version-history":[{"count":13,"href":"https:\/\/cfpc-am.com.br\/index.php\/wp-json\/wp\/v2\/posts\/3943\/revisions"}],"predecessor-version":[{"id":4980,"href":"https:\/\/cfpc-am.com.br\/index.php\/wp-json\/wp\/v2\/posts\/3943\/revisions\/4980"}],"wp:attachment":[{"href":"https:\/\/cfpc-am.com.br\/index.php\/wp-json\/wp\/v2\/media?parent=3943"}],"wp:term":[{"taxonomy":"category","embeddable":true,"href":"https:\/\/cfpc-am.com.br\/index.php\/wp-json\/wp\/v2\/categories?post=3943"},{"taxonomy":"post_tag","embeddable":true,"href":"https:\/\/cfpc-am.com.br\/index.php\/wp-json\/wp\/v2\/tags?post=3943"}],"curies":[{"name":"wp","href":"https:\/\/api.w.org\/{rel}","templated":true}]}}