{"id":3842,"date":"2024-08-29T01:20:33","date_gmt":"2024-08-29T04:20:33","guid":{"rendered":"https:\/\/cfpc-am.com.br\/?p=3842"},"modified":"2025-04-18T12:18:44","modified_gmt":"2025-04-18T15:18:44","slug":"grupo-norte-de-comunicacao","status":"publish","type":"post","link":"https:\/\/cfpc-am.com.br\/index.php\/2024\/08\/29\/grupo-norte-de-comunicacao\/","title":{"rendered":"Grupo Norte de Comunica\u00e7\u00e3o"},"content":{"rendered":"\n<p><strong>Visita T\u00e9cnica<\/strong><\/p>\n\n\n\n<div class=\"wp-block-buttons is-layout-flex wp-block-buttons-is-layout-flex\">\n<div class=\"wp-block-button\"><a class=\"wp-block-button__link wp-element-button\" href=\"https:\/\/cfpc-am.com.br\/index.php\/visita-tecnica-grupo-norte-de-comunicacao\/\"><strong>Confira Fotos<\/strong><\/a><\/div>\n<\/div>\n\n\n\n<figure class=\"wp-block-table\"><table><tbody><tr><td><strong>Manaus-AM:<\/strong> Na tarde de ontem nossa equipe do Centro de Forma\u00e7\u00e3o Profissional de Comunica\u00e7\u00e3o &#8211; CFPC visitou o Grupo Norte de Comunica\u00e7\u00e3o.<\/td><\/tr><\/tbody><\/table><\/figure>\n\n\n<div class=\"wp-block-image\">\n<figure class=\"aligncenter size-large\"><a href=\"https:\/\/cfpc-am.com.br\/index.php\/visita-tecnica-grupo-norte-de-comunicacao\/\"><img loading=\"lazy\" decoding=\"async\" width=\"1024\" height=\"400\" src=\"https:\/\/cfpc-am.com.br\/wp-content\/uploads\/2024\/08\/GRUPO-NORTE-CAPA-1-1024x400.png\" alt=\"\" class=\"wp-image-4214\" srcset=\"https:\/\/cfpc-am.com.br\/wp-content\/uploads\/2024\/08\/GRUPO-NORTE-CAPA-1-1024x400.png 1024w, https:\/\/cfpc-am.com.br\/wp-content\/uploads\/2024\/08\/GRUPO-NORTE-CAPA-1-300x117.png 300w, https:\/\/cfpc-am.com.br\/wp-content\/uploads\/2024\/08\/GRUPO-NORTE-CAPA-1-768x300.png 768w, https:\/\/cfpc-am.com.br\/wp-content\/uploads\/2024\/08\/GRUPO-NORTE-CAPA-1.png 1223w\" sizes=\"auto, (max-width: 1024px) 100vw, 1024px\" \/><\/a><\/figure>\n<\/div>\n\n\n<!--more-->\n\n\n\n<p><\/p>\n","protected":false},"excerpt":{"rendered":"<p>Visita T\u00e9cnica Manaus-AM: Na tarde de ontem nossa equipe do Centro de Forma\u00e7\u00e3o Profissional de Comunica\u00e7\u00e3o &#8211; CFPC visitou o Grupo Norte de Comunica\u00e7\u00e3o.<\/p>\n","protected":false},"author":3,"featured_media":0,"comment_status":"open","ping_status":"open","sticky":false,"template":"","format":"standard","meta":{"footnotes":""},"categories":[1],"tags":[],"class_list":["post-3842","post","type-post","status-publish","format-standard","hentry","category-blog"],"_links":{"self":[{"href":"https:\/\/cfpc-am.com.br\/index.php\/wp-json\/wp\/v2\/posts\/3842","targetHints":{"allow":["GET"]}}],"collection":[{"href":"https:\/\/cfpc-am.com.br\/index.php\/wp-json\/wp\/v2\/posts"}],"about":[{"href":"https:\/\/cfpc-am.com.br\/index.php\/wp-json\/wp\/v2\/types\/post"}],"author":[{"embeddable":true,"href":"https:\/\/cfpc-am.com.br\/index.php\/wp-json\/wp\/v2\/users\/3"}],"replies":[{"embeddable":true,"href":"https:\/\/cfpc-am.com.br\/index.php\/wp-json\/wp\/v2\/comments?post=3842"}],"version-history":[{"count":25,"href":"https:\/\/cfpc-am.com.br\/index.php\/wp-json\/wp\/v2\/posts\/3842\/revisions"}],"predecessor-version":[{"id":5169,"href":"https:\/\/cfpc-am.com.br\/index.php\/wp-json\/wp\/v2\/posts\/3842\/revisions\/5169"}],"wp:attachment":[{"href":"https:\/\/cfpc-am.com.br\/index.php\/wp-json\/wp\/v2\/media?parent=3842"}],"wp:term":[{"taxonomy":"category","embeddable":true,"href":"https:\/\/cfpc-am.com.br\/index.php\/wp-json\/wp\/v2\/categories?post=3842"},{"taxonomy":"post_tag","embeddable":true,"href":"https:\/\/cfpc-am.com.br\/index.php\/wp-json\/wp\/v2\/tags?post=3842"}],"curies":[{"name":"wp","href":"https:\/\/api.w.org\/{rel}","templated":true}]}}