{"id":3769,"date":"2024-08-27T17:17:09","date_gmt":"2024-08-27T20:17:09","guid":{"rendered":"https:\/\/cfpc-am.com.br\/?p=3769"},"modified":"2025-04-18T12:20:46","modified_gmt":"2025-04-18T15:20:46","slug":"empreendedorismo","status":"publish","type":"post","link":"https:\/\/cfpc-am.com.br\/index.php\/2024\/08\/27\/empreendedorismo\/","title":{"rendered":"Oficina Empreendedorismo"},"content":{"rendered":"\n<p><strong>Oficina Gratuita com Certificado<\/strong><\/p>\n\n\n\n<div class=\"wp-block-buttons is-layout-flex wp-block-buttons-is-layout-flex\">\n<div class=\"wp-block-button\"><a class=\"wp-block-button__link wp-element-button\"><strong>Confira Fotos<\/strong><\/a><\/div>\n<\/div>\n\n\n\n<figure class=\"wp-block-table\"><table><tbody><tr><td><strong>Manaus-AM:<\/strong> Na tarde de ontem, das 14h \u00e0s 17h, o Centro de Forma\u00e7\u00e3o Profissional de Comunica\u00e7\u00e3o &#8211; CFPC realizou a Oficina Empreendedorismo\u2026<\/td><\/tr><\/tbody><\/table><\/figure>\n\n\n\n<figure class=\"wp-block-gallery has-nested-images columns-default is-cropped wp-block-gallery-1 is-layout-flex wp-block-gallery-is-layout-flex\">\n<figure class=\"wp-block-image size-large\"><img loading=\"lazy\" decoding=\"async\" width=\"1024\" height=\"404\" data-id=\"4210\" src=\"https:\/\/cfpc-am.com.br\/wp-content\/uploads\/2024\/08\/EMPREENDEDORISMO-CAPA-1024x404.png\" alt=\"\" class=\"wp-image-4210\" srcset=\"https:\/\/cfpc-am.com.br\/wp-content\/uploads\/2024\/08\/EMPREENDEDORISMO-CAPA-1024x404.png 1024w, https:\/\/cfpc-am.com.br\/wp-content\/uploads\/2024\/08\/EMPREENDEDORISMO-CAPA-300x118.png 300w, https:\/\/cfpc-am.com.br\/wp-content\/uploads\/2024\/08\/EMPREENDEDORISMO-CAPA-768x303.png 768w, https:\/\/cfpc-am.com.br\/wp-content\/uploads\/2024\/08\/EMPREENDEDORISMO-CAPA.png 1223w\" sizes=\"auto, (max-width: 1024px) 100vw, 1024px\" \/><\/figure>\n<\/figure>\n\n\n\n<!--more-->\n","protected":false},"excerpt":{"rendered":"<p>Oficina Gratuita com Certificado Manaus-AM: Na tarde de ontem, das 14h \u00e0s 17h, o Centro de Forma\u00e7\u00e3o Profissional de Comunica\u00e7\u00e3o &#8211; CFPC realizou a Oficina Empreendedorismo\u2026<\/p>\n","protected":false},"author":3,"featured_media":0,"comment_status":"open","ping_status":"open","sticky":false,"template":"","format":"standard","meta":{"footnotes":""},"categories":[1],"tags":[],"class_list":["post-3769","post","type-post","status-publish","format-standard","hentry","category-blog"],"_links":{"self":[{"href":"https:\/\/cfpc-am.com.br\/index.php\/wp-json\/wp\/v2\/posts\/3769","targetHints":{"allow":["GET"]}}],"collection":[{"href":"https:\/\/cfpc-am.com.br\/index.php\/wp-json\/wp\/v2\/posts"}],"about":[{"href":"https:\/\/cfpc-am.com.br\/index.php\/wp-json\/wp\/v2\/types\/post"}],"author":[{"embeddable":true,"href":"https:\/\/cfpc-am.com.br\/index.php\/wp-json\/wp\/v2\/users\/3"}],"replies":[{"embeddable":true,"href":"https:\/\/cfpc-am.com.br\/index.php\/wp-json\/wp\/v2\/comments?post=3769"}],"version-history":[{"count":22,"href":"https:\/\/cfpc-am.com.br\/index.php\/wp-json\/wp\/v2\/posts\/3769\/revisions"}],"predecessor-version":[{"id":5171,"href":"https:\/\/cfpc-am.com.br\/index.php\/wp-json\/wp\/v2\/posts\/3769\/revisions\/5171"}],"wp:attachment":[{"href":"https:\/\/cfpc-am.com.br\/index.php\/wp-json\/wp\/v2\/media?parent=3769"}],"wp:term":[{"taxonomy":"category","embeddable":true,"href":"https:\/\/cfpc-am.com.br\/index.php\/wp-json\/wp\/v2\/categories?post=3769"},{"taxonomy":"post_tag","embeddable":true,"href":"https:\/\/cfpc-am.com.br\/index.php\/wp-json\/wp\/v2\/tags?post=3769"}],"curies":[{"name":"wp","href":"https:\/\/api.w.org\/{rel}","templated":true}]}}