{"id":3098,"date":"2024-09-23T23:37:29","date_gmt":"2024-09-24T02:37:29","guid":{"rendered":"https:\/\/cfpc-am.com.br\/?p=3098"},"modified":"2025-03-20T10:34:38","modified_gmt":"2025-03-20T13:34:38","slug":"inscricoes-abertas-para-os-cursos-de-comunicacao-na-area-do-radio","status":"publish","type":"post","link":"https:\/\/cfpc-am.com.br\/index.php\/2024\/09\/23\/inscricoes-abertas-para-os-cursos-de-comunicacao-na-area-do-radio\/","title":{"rendered":"R\u00e1dio"},"content":{"rendered":"\n<p><strong>Curso Curta Dura\u00e7\u00e3o<\/strong><\/p>\n\n\n\n<div class=\"wp-block-buttons is-layout-flex wp-block-buttons-is-layout-flex\">\n<div class=\"wp-block-button\"><a class=\"wp-block-button__link wp-element-button\"><strong>Inscri\u00e7\u00f5es Abertas<\/strong><\/a><\/div>\n<\/div>\n\n\n\n<figure class=\"wp-block-table\"><table><tbody><tr><td><strong>Conte\u00fado:<\/strong> Produ\u00e7\u00e3o de R\u00e1dio, Locu\u00e7\u00e3o Publicit\u00e1ria, Edi\u00e7\u00e3o de \u00c1udio&#8230;<\/td><\/tr><\/tbody><\/table><\/figure>\n\n\n\n<ul class=\"wp-block-list\">\n<li><strong>Carga-Hor\u00e1ria:<\/strong> 120 horas.<\/li>\n\n\n\n<li><strong>Dura\u00e7\u00e3o:<\/strong> 30 dias.<\/li>\n\n\n\n<li><strong>Turmas:<\/strong>&nbsp;Segunda \u00e0 sexta ou aos s\u00e1bados.<\/li>\n\n\n\n<li><strong>Hor\u00e1rios:<\/strong>&nbsp;Manh\u00e3, tarde ou noite.<\/li>\n\n\n\n<li><strong>Valor:<\/strong>&nbsp;R$ 800,00.<\/li>\n<\/ul>\n\n\n\n<div class=\"wp-block-buttons is-layout-flex wp-block-buttons-is-layout-flex\">\n<div class=\"wp-block-button\"><a class=\"wp-block-button__link wp-element-button\" href=\"https:\/\/pag.getnet.com.br\/-CZhuJDO8\"><strong>PIX OU CART\u00c3O<\/strong><\/a><\/div>\n<\/div>\n\n\n\n<figure class=\"wp-block-image size-large\"><img loading=\"lazy\" decoding=\"async\" width=\"1024\" height=\"382\" src=\"https:\/\/cfpc-am.com.br\/wp-content\/uploads\/2024\/09\/RADIO-CAPA-1024x382.png\" alt=\"\" class=\"wp-image-4202\" srcset=\"https:\/\/cfpc-am.com.br\/wp-content\/uploads\/2024\/09\/RADIO-CAPA-1024x382.png 1024w, https:\/\/cfpc-am.com.br\/wp-content\/uploads\/2024\/09\/RADIO-CAPA-300x112.png 300w, https:\/\/cfpc-am.com.br\/wp-content\/uploads\/2024\/09\/RADIO-CAPA-768x287.png 768w, https:\/\/cfpc-am.com.br\/wp-content\/uploads\/2024\/09\/RADIO-CAPA.png 1171w\" sizes=\"auto, (max-width: 1024px) 100vw, 1024px\" \/><\/figure>\n\n\n\n<!--more-->\n\n\n\n<p><\/p>\n","protected":false},"excerpt":{"rendered":"<p>Curso Curta Dura\u00e7\u00e3o Conte\u00fado: Produ\u00e7\u00e3o de R\u00e1dio, Locu\u00e7\u00e3o Publicit\u00e1ria, Edi\u00e7\u00e3o de \u00c1udio&#8230;<\/p>\n","protected":false},"author":3,"featured_media":0,"comment_status":"open","ping_status":"open","sticky":false,"template":"","format":"standard","meta":{"footnotes":""},"categories":[1],"tags":[],"class_list":["post-3098","post","type-post","status-publish","format-standard","hentry","category-blog"],"_links":{"self":[{"href":"https:\/\/cfpc-am.com.br\/index.php\/wp-json\/wp\/v2\/posts\/3098","targetHints":{"allow":["GET"]}}],"collection":[{"href":"https:\/\/cfpc-am.com.br\/index.php\/wp-json\/wp\/v2\/posts"}],"about":[{"href":"https:\/\/cfpc-am.com.br\/index.php\/wp-json\/wp\/v2\/types\/post"}],"author":[{"embeddable":true,"href":"https:\/\/cfpc-am.com.br\/index.php\/wp-json\/wp\/v2\/users\/3"}],"replies":[{"embeddable":true,"href":"https:\/\/cfpc-am.com.br\/index.php\/wp-json\/wp\/v2\/comments?post=3098"}],"version-history":[{"count":31,"href":"https:\/\/cfpc-am.com.br\/index.php\/wp-json\/wp\/v2\/posts\/3098\/revisions"}],"predecessor-version":[{"id":4967,"href":"https:\/\/cfpc-am.com.br\/index.php\/wp-json\/wp\/v2\/posts\/3098\/revisions\/4967"}],"wp:attachment":[{"href":"https:\/\/cfpc-am.com.br\/index.php\/wp-json\/wp\/v2\/media?parent=3098"}],"wp:term":[{"taxonomy":"category","embeddable":true,"href":"https:\/\/cfpc-am.com.br\/index.php\/wp-json\/wp\/v2\/categories?post=3098"},{"taxonomy":"post_tag","embeddable":true,"href":"https:\/\/cfpc-am.com.br\/index.php\/wp-json\/wp\/v2\/tags?post=3098"}],"curies":[{"name":"wp","href":"https:\/\/api.w.org\/{rel}","templated":true}]}}