{"id":3080,"date":"2024-09-23T12:03:01","date_gmt":"2024-09-23T15:03:01","guid":{"rendered":"https:\/\/cfpc-am.com.br\/?p=3080"},"modified":"2025-03-20T10:39:44","modified_gmt":"2025-03-20T13:39:44","slug":"inscricoes-abertas-para-os-cursos-de-comunicacao-nas-areas-do-radio-televisao-e-portais","status":"publish","type":"post","link":"https:\/\/cfpc-am.com.br\/index.php\/2024\/09\/23\/inscricoes-abertas-para-os-cursos-de-comunicacao-nas-areas-do-radio-televisao-e-portais\/","title":{"rendered":"Portais Web"},"content":{"rendered":"\n<p><strong>Curso Curta Dura\u00e7\u00e3o<\/strong><\/p>\n\n\n\n<div class=\"wp-block-buttons is-layout-flex wp-block-buttons-is-layout-flex\">\n<div class=\"wp-block-button\"><a class=\"wp-block-button__link wp-element-button\"><strong>Inscri\u00e7\u00f5es Abertas<\/strong><\/a><\/div>\n<\/div>\n\n\n\n<figure class=\"wp-block-table\"><table><tbody><tr><td><strong>Conte\u00fado:<\/strong> Reda\u00e7\u00e3o para Portal Web, Cinegrafia para Portal Web, Estrat\u00e9gias Digitais&#8230;<\/td><\/tr><\/tbody><\/table><\/figure>\n\n\n\n<ul class=\"wp-block-list\">\n<li><strong>Carga-Hor\u00e1ria:<\/strong> 120 horas.<\/li>\n\n\n\n<li><strong>Dura\u00e7\u00e3o:<\/strong> 30 dias.<\/li>\n\n\n\n<li><strong>Turmas:<\/strong>&nbsp;Segunda \u00e0 sexta ou aos s\u00e1bados.<\/li>\n\n\n\n<li><strong>Hor\u00e1rios:<\/strong>&nbsp;Manh\u00e3, tarde ou noite.<\/li>\n\n\n\n<li><strong>Valor:<\/strong>&nbsp;R$ 700,00.<\/li>\n<\/ul>\n\n\n\n<div class=\"wp-block-buttons is-layout-flex wp-block-buttons-is-layout-flex\">\n<div class=\"wp-block-button\"><a class=\"wp-block-button__link wp-element-button\" href=\"https:\/\/pag.getnet.com.br\/ZkM5Kdk_H\"><strong>PIX OU CART\u00c3O<\/strong><\/a><\/div>\n<\/div>\n\n\n\n<figure class=\"wp-block-image size-large\"><img decoding=\"async\" src=\"https:\/\/cfpc-am.com.br\/wp-content\/uploads\/2024\/09\/PORTAL-CAPA-1024x409.png\" alt=\"\" class=\"wp-image-4248\"\/><\/figure>\n\n\n\n<!--more-->\n","protected":false},"excerpt":{"rendered":"<p>Curso Curta Dura\u00e7\u00e3o Conte\u00fado: Reda\u00e7\u00e3o para Portal Web, Cinegrafia para Portal Web, Estrat\u00e9gias Digitais&#8230;<\/p>\n","protected":false},"author":3,"featured_media":0,"comment_status":"open","ping_status":"open","sticky":false,"template":"","format":"standard","meta":{"footnotes":""},"categories":[1],"tags":[],"class_list":["post-3080","post","type-post","status-publish","format-standard","hentry","category-blog"],"_links":{"self":[{"href":"https:\/\/cfpc-am.com.br\/index.php\/wp-json\/wp\/v2\/posts\/3080","targetHints":{"allow":["GET"]}}],"collection":[{"href":"https:\/\/cfpc-am.com.br\/index.php\/wp-json\/wp\/v2\/posts"}],"about":[{"href":"https:\/\/cfpc-am.com.br\/index.php\/wp-json\/wp\/v2\/types\/post"}],"author":[{"embeddable":true,"href":"https:\/\/cfpc-am.com.br\/index.php\/wp-json\/wp\/v2\/users\/3"}],"replies":[{"embeddable":true,"href":"https:\/\/cfpc-am.com.br\/index.php\/wp-json\/wp\/v2\/comments?post=3080"}],"version-history":[{"count":27,"href":"https:\/\/cfpc-am.com.br\/index.php\/wp-json\/wp\/v2\/posts\/3080\/revisions"}],"predecessor-version":[{"id":4969,"href":"https:\/\/cfpc-am.com.br\/index.php\/wp-json\/wp\/v2\/posts\/3080\/revisions\/4969"}],"wp:attachment":[{"href":"https:\/\/cfpc-am.com.br\/index.php\/wp-json\/wp\/v2\/media?parent=3080"}],"wp:term":[{"taxonomy":"category","embeddable":true,"href":"https:\/\/cfpc-am.com.br\/index.php\/wp-json\/wp\/v2\/categories?post=3080"},{"taxonomy":"post_tag","embeddable":true,"href":"https:\/\/cfpc-am.com.br\/index.php\/wp-json\/wp\/v2\/tags?post=3080"}],"curies":[{"name":"wp","href":"https:\/\/api.w.org\/{rel}","templated":true}]}}