{"id":2866,"date":"2024-09-23T06:20:43","date_gmt":"2024-09-23T09:20:43","guid":{"rendered":"https:\/\/cfpc-am.com.br\/?p=2866"},"modified":"2025-03-20T19:51:00","modified_gmt":"2025-03-20T22:51:00","slug":"inscricoes-abertas-para-o-curso-de-fotografia","status":"publish","type":"post","link":"https:\/\/cfpc-am.com.br\/index.php\/2024\/09\/23\/inscricoes-abertas-para-o-curso-de-fotografia\/","title":{"rendered":"Fotografia"},"content":{"rendered":"\n<p><strong>Curso Curta Dura\u00e7\u00e3o<\/strong><\/p>\n\n\n\n<div class=\"wp-block-buttons is-layout-flex wp-block-buttons-is-layout-flex\">\n<div class=\"wp-block-button\"><a class=\"wp-block-button__link wp-element-button\"><strong>Inscri\u00e7\u00f5es Abertas<\/strong><\/a><\/div>\n<\/div>\n\n\n\n<figure class=\"wp-block-table\"><table><tbody><tr><td><strong>Conte\u00fado:<\/strong> C\u00e2mera, Luz, Cor, Lentes, Efeitos, Composi\u00e7\u00e3o, Planejamento, Formatos, Enquadramentos, Equipamentos, Acess\u00f3rios&#8230;<\/td><\/tr><\/tbody><\/table><\/figure>\n\n\n\n<ul class=\"wp-block-list\">\n<li><strong>Carga-Hor\u00e1ria:<\/strong> 40 horas.<\/li>\n\n\n\n<li><strong>Dura\u00e7\u00e3o:<\/strong> 10 dias.<\/li>\n\n\n\n<li><strong>Turmas:<\/strong>&nbsp;Segunda \u00e0 sexta ou aos s\u00e1bados.<\/li>\n\n\n\n<li><strong>Hor\u00e1rios:<\/strong>&nbsp;Manh\u00e3, tarde ou noite.<\/li>\n\n\n\n<li><strong>Valor:<\/strong>&nbsp;R$ 500,00.<\/li>\n<\/ul>\n\n\n\n<div class=\"wp-block-buttons is-layout-flex wp-block-buttons-is-layout-flex\">\n<div class=\"wp-block-button\"><a class=\"wp-block-button__link wp-element-button\" href=\"https:\/\/pag.getnet.com.br\/in_37di8g\"><strong>PIX OU CART\u00c3O<\/strong><\/a><\/div>\n<\/div>\n\n\n\n<figure class=\"wp-block-image size-full\"><img loading=\"lazy\" decoding=\"async\" width=\"838\" height=\"324\" src=\"https:\/\/cfpc-am.com.br\/wp-content\/uploads\/2023\/11\/FOTOGRAFIA.png\" alt=\"\" class=\"wp-image-1540\" srcset=\"https:\/\/cfpc-am.com.br\/wp-content\/uploads\/2023\/11\/FOTOGRAFIA.png 838w, https:\/\/cfpc-am.com.br\/wp-content\/uploads\/2023\/11\/FOTOGRAFIA-300x116.png 300w, https:\/\/cfpc-am.com.br\/wp-content\/uploads\/2023\/11\/FOTOGRAFIA-768x297.png 768w\" sizes=\"auto, (max-width: 838px) 100vw, 838px\" \/><\/figure>\n\n\n\n<!--more-->\n\n\n\n<p><\/p>\n","protected":false},"excerpt":{"rendered":"<p>Curso Curta Dura\u00e7\u00e3o Conte\u00fado: C\u00e2mera, Luz, Cor, Lentes, Efeitos, Composi\u00e7\u00e3o, Planejamento, Formatos, Enquadramentos, Equipamentos, Acess\u00f3rios&#8230;<\/p>\n","protected":false},"author":3,"featured_media":0,"comment_status":"open","ping_status":"open","sticky":false,"template":"","format":"standard","meta":{"footnotes":""},"categories":[1],"tags":[],"class_list":["post-2866","post","type-post","status-publish","format-standard","hentry","category-blog"],"_links":{"self":[{"href":"https:\/\/cfpc-am.com.br\/index.php\/wp-json\/wp\/v2\/posts\/2866","targetHints":{"allow":["GET"]}}],"collection":[{"href":"https:\/\/cfpc-am.com.br\/index.php\/wp-json\/wp\/v2\/posts"}],"about":[{"href":"https:\/\/cfpc-am.com.br\/index.php\/wp-json\/wp\/v2\/types\/post"}],"author":[{"embeddable":true,"href":"https:\/\/cfpc-am.com.br\/index.php\/wp-json\/wp\/v2\/users\/3"}],"replies":[{"embeddable":true,"href":"https:\/\/cfpc-am.com.br\/index.php\/wp-json\/wp\/v2\/comments?post=2866"}],"version-history":[{"count":32,"href":"https:\/\/cfpc-am.com.br\/index.php\/wp-json\/wp\/v2\/posts\/2866\/revisions"}],"predecessor-version":[{"id":5020,"href":"https:\/\/cfpc-am.com.br\/index.php\/wp-json\/wp\/v2\/posts\/2866\/revisions\/5020"}],"wp:attachment":[{"href":"https:\/\/cfpc-am.com.br\/index.php\/wp-json\/wp\/v2\/media?parent=2866"}],"wp:term":[{"taxonomy":"category","embeddable":true,"href":"https:\/\/cfpc-am.com.br\/index.php\/wp-json\/wp\/v2\/categories?post=2866"},{"taxonomy":"post_tag","embeddable":true,"href":"https:\/\/cfpc-am.com.br\/index.php\/wp-json\/wp\/v2\/tags?post=2866"}],"curies":[{"name":"wp","href":"https:\/\/api.w.org\/{rel}","templated":true}]}}