{"id":2773,"date":"2024-07-02T11:15:16","date_gmt":"2024-07-02T14:15:16","guid":{"rendered":"https:\/\/cfpc-am.com.br\/?p=2773"},"modified":"2026-03-14T10:42:51","modified_gmt":"2026-03-14T13:42:51","slug":"matriculas-abertas-para-o-curso-tecnico-em-radio-e-televisao","status":"publish","type":"post","link":"https:\/\/cfpc-am.com.br\/index.php\/2024\/07\/02\/matriculas-abertas-para-o-curso-tecnico-em-radio-e-televisao\/","title":{"rendered":"R\u00e1dio e Televis\u00e3o"},"content":{"rendered":"\n<p><strong>Curso T\u00e9cnico<\/strong><\/p>\n\n\n\n<p><a href=\"https:\/\/cfpc-am.com.br\/index.php\/curso-tecnico\/\"><mark style=\"background-color:#000000\" class=\"has-inline-color has-white-color\">Matr\u00edculas abertas<\/mark><\/a> para o curso t\u00e9cnico em R\u00e1dio e Televis\u00e3o. In\u00edcio das aulas, dia 02 de julho.<\/p>\n\n\n\n<figure class=\"wp-block-table\"><table><tbody><tr><td><strong>Habilidades:<\/strong> Executar a produ\u00e7\u00e3o e veicula\u00e7\u00e3o de programas radiof\u00f4nicos e televisivos. Realizar a sele\u00e7\u00e3o musical, montagem de filmes, videotapes, trilhas, vinhetas\u2026<\/td><\/tr><\/tbody><\/table><\/figure>\n\n\n\n<p><strong>Dura\u00e7\u00e3o:<\/strong>\u00a01 ano. <strong>Turmas:<\/strong>\u00a0Segunda \u00e0 sexta. <strong>Hor\u00e1rios:<\/strong>\u00a0Manh\u00e3, tarde ou noite. <strong>Mensalidades a partir de:<\/strong>\u00a0R$ 320,00.<\/p>\n\n\n\n<figure class=\"wp-block-video\"><video height=\"480\" style=\"aspect-ratio: 848 \/ 480;\" width=\"848\" controls src=\"https:\/\/cfpc-am.com.br\/wp-content\/uploads\/2024\/07\/VIDEO-RTV-CFPC-1.mp4\"><\/video><\/figure>\n\n\n\n<!--more-->\n\n\n\n<p><\/p>\n","protected":false},"excerpt":{"rendered":"<p>Curso T\u00e9cnico Matr\u00edculas abertas para o curso t\u00e9cnico em R\u00e1dio e Televis\u00e3o. In\u00edcio das aulas, dia 02 de julho. Habilidades: Executar a produ\u00e7\u00e3o e veicula\u00e7\u00e3o de programas radiof\u00f4nicos e televisivos. Realizar a sele\u00e7\u00e3o musical, montagem de filmes, videotapes, trilhas, vinhetas\u2026 Dura\u00e7\u00e3o:\u00a01 ano. Turmas:\u00a0Segunda \u00e0 sexta. Hor\u00e1rios:\u00a0Manh\u00e3, tarde ou noite. Mensalidades a partir de:\u00a0R$ 320,00.<\/p>\n","protected":false},"author":3,"featured_media":0,"comment_status":"open","ping_status":"open","sticky":false,"template":"","format":"standard","meta":{"footnotes":""},"categories":[1],"tags":[],"class_list":["post-2773","post","type-post","status-publish","format-standard","hentry","category-blog"],"_links":{"self":[{"href":"https:\/\/cfpc-am.com.br\/index.php\/wp-json\/wp\/v2\/posts\/2773","targetHints":{"allow":["GET"]}}],"collection":[{"href":"https:\/\/cfpc-am.com.br\/index.php\/wp-json\/wp\/v2\/posts"}],"about":[{"href":"https:\/\/cfpc-am.com.br\/index.php\/wp-json\/wp\/v2\/types\/post"}],"author":[{"embeddable":true,"href":"https:\/\/cfpc-am.com.br\/index.php\/wp-json\/wp\/v2\/users\/3"}],"replies":[{"embeddable":true,"href":"https:\/\/cfpc-am.com.br\/index.php\/wp-json\/wp\/v2\/comments?post=2773"}],"version-history":[{"count":34,"href":"https:\/\/cfpc-am.com.br\/index.php\/wp-json\/wp\/v2\/posts\/2773\/revisions"}],"predecessor-version":[{"id":6412,"href":"https:\/\/cfpc-am.com.br\/index.php\/wp-json\/wp\/v2\/posts\/2773\/revisions\/6412"}],"wp:attachment":[{"href":"https:\/\/cfpc-am.com.br\/index.php\/wp-json\/wp\/v2\/media?parent=2773"}],"wp:term":[{"taxonomy":"category","embeddable":true,"href":"https:\/\/cfpc-am.com.br\/index.php\/wp-json\/wp\/v2\/categories?post=2773"},{"taxonomy":"post_tag","embeddable":true,"href":"https:\/\/cfpc-am.com.br\/index.php\/wp-json\/wp\/v2\/tags?post=2773"}],"curies":[{"name":"wp","href":"https:\/\/api.w.org\/{rel}","templated":true}]}}